[{"@context":"https:\/\/schema.org\/","@type":"Article","@id":"https:\/\/www.chts.cz\/jihoceska-pohadkova-mesta\/#Article","mainEntityOfPage":"https:\/\/www.chts.cz\/jihoceska-pohadkova-mesta\/","headline":"Jiho\u010desk\u00e1 poh\u00e1dkov\u00e1 m\u011bsta","name":"Jiho\u010desk\u00e1 poh\u00e1dkov\u00e1 m\u011bsta","description":"Jestli\u017ee m\u00e1te r\u00e1di ji\u017en\u00ed \u010cechy, mo\u017en\u00e1 u\u017e jste nav\u0161t\u00edvili dv\u011b m\u011bsta, kter\u00e1 rozhodn\u011b stoj\u00ed za n\u00e1v\u0161t\u011bvu. Jedn\u00edm z nich je Tel\u010d. U\u017e jen pohled na malebn\u00e9 n\u00e1m\u011bst\u00ed ka\u017ed\u00e9ho n\u00e1v\u0161t\u011bvn\u00edka utvrd\u00ed v tom, \u017ee je toto m\u011bsto zaps\u00e1no na seznam Sv\u011btov\u00e9ho kulturn\u00edho d\u011bdictv\u00ed UNESCO pr\u00e1vem. &sect;&nbsp; N\u00e1m\u011bst\u00ed Zachari\u00e1\u0161e z Hradce je [&hellip;]","datePublished":"2017-11-10","dateModified":"2023-05-26","author":{"@type":"Person","@id":"https:\/\/www.chts.cz\/author\/#Person","name":"","url":"https:\/\/www.chts.cz\/author\/","identifier":1,"image":{"@type":"ImageObject","@id":"https:\/\/secure.gravatar.com\/avatar\/b74f056f0354b8ee50fcd0e6106aa964423477cb93024726458fce7ffd63d5d8?s=96&d=mm&r=g","url":"https:\/\/secure.gravatar.com\/avatar\/b74f056f0354b8ee50fcd0e6106aa964423477cb93024726458fce7ffd63d5d8?s=96&d=mm&r=g","height":96,"width":96}},"publisher":{"@type":"Organization","name":"chts.cz","logo":{"@type":"ImageObject","@id":"\/logo.png","url":"\/logo.png","width":600,"height":60}},"image":{"@type":"ImageObject","@id":"https:\/\/www.chts.cz\/wp-content\/uploads\/img_a304575_w1972_t1515589533.jpg","url":"https:\/\/www.chts.cz\/wp-content\/uploads\/img_a304575_w1972_t1515589533.jpg","height":0,"width":0},"url":"https:\/\/www.chts.cz\/jihoceska-pohadkova-mesta\/","about":["\u017divotn\u00ed styl"],"wordCount":453,"articleBody":"\tJestli\u017ee m\u00e1te r\u00e1di ji\u017en\u00ed \u010cechy, mo\u017en\u00e1 u\u017e jste nav\u0161t\u00edvili dv\u011b m\u011bsta, kter\u00e1 rozhodn\u011b stoj\u00ed za n\u00e1v\u0161t\u011bvu. Jedn\u00edm z nich je Tel\u010d. U\u017e jen pohled na malebn\u00e9 n\u00e1m\u011bst\u00ed ka\u017ed\u00e9ho n\u00e1v\u0161t\u011bvn\u00edka utvrd\u00ed v tom, \u017ee je toto m\u011bsto zaps\u00e1no na seznam Sv\u011btov\u00e9ho kulturn\u00edho d\u011bdictv\u00ed UNESCO pr\u00e1vem.\t\t&sect;&nbsp; N\u00e1m\u011bst\u00ed Zachari\u00e1\u0161e z Hradce je prost\u011b poh\u00e1dkov\u00e9.\t&sect;&nbsp; A ur\u010dit\u011b pr\u00e1v\u011b z tohoto d\u016fvodu se tak\u00e9 m\u011bsto do poh\u00e1dky dostalo.\t&sect;&nbsp; A to hned do jedn\u00e9 z na\u0161ich nejzn\u00e1m\u011bj\u0161\u00edch.\tPy\u0161n\u00e1 princezna se tu nat\u00e1\u010dela u\u017e roku 1951, ale dodnes m\u00e1 tradi\u010dn\u011b na V\u00e1noce mnoho div\u00e1k\u016f.Uplynuly t\u0159i roky a Tele\u010d\u0161t\u00ed mohli v ulic\u00edch sv\u00e9ho m\u011bsta potk\u00e1vat takov\u00e9 herce jako byli p\u00e1nov\u00e9\t&#8211;&nbsp;&nbsp;&nbsp;&nbsp;&nbsp;&nbsp;&nbsp;&nbsp; Jaroslav Marvan\t&#8211;&nbsp;&nbsp;&nbsp;&nbsp;&nbsp;&nbsp;&nbsp;&nbsp; Old\u0159ich Nov\u00fd\t&#8211;&nbsp;&nbsp;&nbsp;&nbsp;&nbsp;&nbsp;&nbsp;&nbsp; Josef Bek\t&#8211;&nbsp;&nbsp;&nbsp;&nbsp;&nbsp;&nbsp;&nbsp;&nbsp; Franti\u0161ek Kova\u0159\u00edk a dal\u0161\u00ed, kte\u0159\u00ed \u00fa\u010dinkovali ve filmu &bdquo;Hudba z&nbsp;Marsu&ldquo;. \tA pokud m\u011bli \u0161t\u011bst\u00ed, zahl\u00e9dli roku 1954 i kr\u00e1snou Krasomilu.Po dal\u0161\u00edch deseti letech (1964) \u010dekali filma\u0159i na chv\u00edli &bdquo;A\u017e p\u0159ijde kocour&ldquo;. A \u010dek\u00e1n\u00ed s Vladim\u00edrem Men\u0161\u00edkem, Ji\u0159inou Bohdalovou, Vlastimilem Brodsk\u00fdm a dal\u0161\u00edmi p\u0159edstaviteli tohoto filmu, ur\u010dit\u011b nebylo nudn\u00e9. A tak bychom mohli pokra\u010dovat d\u00e1l &#8211; &bdquo;Svatby Petra Voka&ldquo;, &bdquo;Nezral\u00e9 maliny&ldquo;, &bdquo;Jak se bud\u00ed princezny&#8230;&ldquo;\t\tSlavonick\u00e9 slavnostiSlavonice jsou sice m\u011bstem mal\u00fdm, ale pouze svou velikost\u00ed a po\u010dtem obyvatel. Os\u00eddlen\u00ed t\u00e9to oblasti spad\u00e1 u\u017e do dvan\u00e1ct\u00e9ho stolet\u00ed. Ostatn\u011b tak, jako mnoho osad, kter\u00e9 byly zalo\u017eeny rodem p\u00e1n\u016f z Hradce. U\u017e ve \u010dtrn\u00e1ct\u00e9m stolet\u00ed se Slavonice staly m\u011bstem.&sect;&nbsp; Pro nyn\u011bj\u0161\u00ed obyvatele m\u011bsta byla d\u016fle\u017eit\u00e1 jedna etapa, kter\u00e1 prob\u011bhla v \u0161estn\u00e1ct\u00e9m stolet\u00ed.&sect;&nbsp; Vzhledem k tomu, \u017ee se v\u011bt\u0161ina obyvatel m\u011bsta v \u0161estn\u00e1ct\u00e9m stolet\u00ed p\u0159iklonila na stranu evangelickou, r\u00e1z m\u011bsta se za\u010dal m\u011bnit.&sect;&nbsp; Sv\u011bdkem je zachoval\u00e1 sgrafitov\u00e1 v\u00fdzdoba m\u011b\u0161\u0165ansk\u00fdch dom\u016f.Pr\u00e1v\u011b takto zdoben\u00e9 domy d\u011blaj\u00ed jiho\u010desk\u00e9 Slavonice jedine\u010dn\u00fdmi a ka\u017edoro\u010dn\u011b sem l\u00e1kaj\u00ed n\u00e1v\u0161t\u011bvn\u00edky na Slavonice Fest, kter\u00fd je sv\u00e1tkem filmov\u00e9ho um\u011bn\u00ed.&nbsp;                                                                                                                                                                                                                                                                                                                                                                                         4\/5 - (11 votes)        "},{"@context":"https:\/\/schema.org\/","@type":"BreadcrumbList","itemListElement":[{"@type":"ListItem","position":1,"name":"Jiho\u010desk\u00e1 poh\u00e1dkov\u00e1 m\u011bsta","item":"https:\/\/www.chts.cz\/jihoceska-pohadkova-mesta\/#breadcrumbitem"}]}]