[{"@context":"https:\/\/schema.org\/","@type":"Blog","@id":"https:\/\/www.chts.cz#Blog","headline":"Chts","description":"\nNeda\u0159\u00ed se v\u00e1m ve va\u0161em podnik\u00e1n\u00ed a marn\u011b dum\u00e1te pro\u010d? Nep\u0159ijdete-li na to, obra\u0165te se na n\u00e1s. Spolu ur\u010dit\u011b zjist\u00edme, kde je pov\u011bstn\u00fd zakopan\u00fd pes.","url":"https:\/\/www.chts.cz","hasPart":[{"@type":"Article","@id":"https:\/\/www.chts.cz\/pro-snadny-pohyb-po-vode\/","headline":"Pro snadn\u00fd pohyb po vod\u011b","url":"https:\/\/www.chts.cz\/pro-snadny-pohyb-po-vode\/","datePublished":"2025-08-31","dateModified":"2025-08-31","mainEntityOfPage":"https:\/\/www.chts.cz\/pro-snadny-pohyb-po-vode\/","author":{"@type":"Person","@id":"https:\/\/www.chts.cz\/author\/#Person","name":"","url":"https:\/\/www.chts.cz\/author\/","identifier":1,"image":{"@type":"ImageObject","@id":"https:\/\/secure.gravatar.com\/avatar\/b74f056f0354b8ee50fcd0e6106aa964423477cb93024726458fce7ffd63d5d8?s=96&d=mm&r=g","url":"https:\/\/secure.gravatar.com\/avatar\/b74f056f0354b8ee50fcd0e6106aa964423477cb93024726458fce7ffd63d5d8?s=96&d=mm&r=g","height":96,"width":96}},"publisher":{"@type":"Organization","name":"chts.cz","logo":{"@type":"ImageObject","@id":"\/logo.png","url":"\/logo.png","width":600,"height":60}},"image":null,"wordCount":263,"keywords":null},{"@type":"Article","@id":"https:\/\/www.chts.cz\/pro-snadny-pohyb-po-vode\/","headline":"Pro snadn\u00fd pohyb po vod\u011b","url":"https:\/\/www.chts.cz\/pro-snadny-pohyb-po-vode\/","datePublished":"2025-08-31","dateModified":"2025-08-31","mainEntityOfPage":"https:\/\/www.chts.cz\/pro-snadny-pohyb-po-vode\/","author":{"@type":"Person","@id":"https:\/\/www.chts.cz\/author\/#Person","name":"","url":"https:\/\/www.chts.cz\/author\/","identifier":1,"image":{"@type":"ImageObject","@id":"https:\/\/secure.gravatar.com\/avatar\/b74f056f0354b8ee50fcd0e6106aa964423477cb93024726458fce7ffd63d5d8?s=96&d=mm&r=g","url":"https:\/\/secure.gravatar.com\/avatar\/b74f056f0354b8ee50fcd0e6106aa964423477cb93024726458fce7ffd63d5d8?s=96&d=mm&r=g","height":96,"width":96}},"publisher":{"@type":"Organization","name":"chts.cz","logo":{"@type":"ImageObject","@id":"\/logo.png","url":"\/logo.png","width":600,"height":60}},"image":null,"wordCount":263,"keywords":null},{"@type":"Article","@id":"https:\/\/www.chts.cz\/krasna-chvile-v-posteli-i-mimo-ni\/","headline":"Kr\u00e1sn\u00e1 chv\u00edle v posteli i mimo ni","url":"https:\/\/www.chts.cz\/krasna-chvile-v-posteli-i-mimo-ni\/","datePublished":"2025-08-24","dateModified":"2025-08-24","mainEntityOfPage":"https:\/\/www.chts.cz\/krasna-chvile-v-posteli-i-mimo-ni\/","author":{"@type":"Person","@id":"https:\/\/www.chts.cz\/author\/#Person","name":"","url":"https:\/\/www.chts.cz\/author\/","identifier":1,"image":{"@type":"ImageObject","@id":"https:\/\/secure.gravatar.com\/avatar\/b74f056f0354b8ee50fcd0e6106aa964423477cb93024726458fce7ffd63d5d8?s=96&d=mm&r=g","url":"https:\/\/secure.gravatar.com\/avatar\/b74f056f0354b8ee50fcd0e6106aa964423477cb93024726458fce7ffd63d5d8?s=96&d=mm&r=g","height":96,"width":96}},"publisher":{"@type":"Organization","name":"chts.cz","logo":{"@type":"ImageObject","@id":"\/logo.png","url":"\/logo.png","width":600,"height":60}},"image":null,"wordCount":297,"keywords":null},{"@type":"Article","@id":"https:\/\/www.chts.cz\/pitny-rezim-v-tehotenstvi-mohou-tehotne-pit-i-caje\/","headline":"Pitn\u00fd re\u017eim v t\u011bhotenstv\u00ed &#8211; mohou t\u011bhotn\u00e9 p\u00edt i \u010daje?","url":"https:\/\/www.chts.cz\/pitny-rezim-v-tehotenstvi-mohou-tehotne-pit-i-caje\/","datePublished":"2025-08-22","dateModified":"2025-08-22","mainEntityOfPage":"https:\/\/www.chts.cz\/pitny-rezim-v-tehotenstvi-mohou-tehotne-pit-i-caje\/","author":{"@type":"Person","@id":"https:\/\/www.chts.cz\/author\/#Person","name":"","url":"https:\/\/www.chts.cz\/author\/","identifier":1,"image":{"@type":"ImageObject","@id":"https:\/\/secure.gravatar.com\/avatar\/b74f056f0354b8ee50fcd0e6106aa964423477cb93024726458fce7ffd63d5d8?s=96&d=mm&r=g","url":"https:\/\/secure.gravatar.com\/avatar\/b74f056f0354b8ee50fcd0e6106aa964423477cb93024726458fce7ffd63d5d8?s=96&d=mm&r=g","height":96,"width":96}},"publisher":{"@type":"Organization","name":"chts.cz","logo":{"@type":"ImageObject","@id":"\/logo.png","url":"\/logo.png","width":600,"height":60}},"image":{"@type":"ImageObject","@id":"https:\/\/www.chts.cz\/wp-content\/uploads\/anastasiia-chepinska-B7JVo5y3gL8-unsplash.jpg","url":"https:\/\/www.chts.cz\/wp-content\/uploads\/anastasiia-chepinska-B7JVo5y3gL8-unsplash.jpg","height":0,"width":0},"wordCount":674,"keywords":null},{"@type":"Article","@id":"https:\/\/www.chts.cz\/s-audi-servisem-budete-za-kazdych-okolnosti-spokojeni\/","headline":"S Audi servisem budete za ka\u017ed\u00fdch okolnost\u00ed spokojeni","url":"https:\/\/www.chts.cz\/s-audi-servisem-budete-za-kazdych-okolnosti-spokojeni\/","datePublished":"2025-08-19","dateModified":"2025-08-19","mainEntityOfPage":"https:\/\/www.chts.cz\/s-audi-servisem-budete-za-kazdych-okolnosti-spokojeni\/","author":{"@type":"Person","@id":"https:\/\/www.chts.cz\/author\/#Person","name":"","url":"https:\/\/www.chts.cz\/author\/","identifier":1,"image":{"@type":"ImageObject","@id":"https:\/\/secure.gravatar.com\/avatar\/b74f056f0354b8ee50fcd0e6106aa964423477cb93024726458fce7ffd63d5d8?s=96&d=mm&r=g","url":"https:\/\/secure.gravatar.com\/avatar\/b74f056f0354b8ee50fcd0e6106aa964423477cb93024726458fce7ffd63d5d8?s=96&d=mm&r=g","height":96,"width":96}},"publisher":{"@type":"Organization","name":"chts.cz","logo":{"@type":"ImageObject","@id":"\/logo.png","url":"\/logo.png","width":600,"height":60}},"image":null,"wordCount":185,"keywords":null},{"@type":"Article","@id":"https:\/\/www.chts.cz\/knizkove-pouzdro-jako-darek-pro-nadchazejici-plesovou-sezonu\/","headline":"Kn\u00ed\u017ekov\u00e9 pouzdro jako d\u00e1rek pro nadch\u00e1zej\u00edc\u00ed plesovou sez\u00f3nu","url":"https:\/\/www.chts.cz\/knizkove-pouzdro-jako-darek-pro-nadchazejici-plesovou-sezonu\/","datePublished":"2025-08-18","dateModified":"2025-08-18","mainEntityOfPage":"https:\/\/www.chts.cz\/knizkove-pouzdro-jako-darek-pro-nadchazejici-plesovou-sezonu\/","author":{"@type":"Person","@id":"https:\/\/www.chts.cz\/author\/#Person","name":"","url":"https:\/\/www.chts.cz\/author\/","identifier":1,"image":{"@type":"ImageObject","@id":"https:\/\/secure.gravatar.com\/avatar\/b74f056f0354b8ee50fcd0e6106aa964423477cb93024726458fce7ffd63d5d8?s=96&d=mm&r=g","url":"https:\/\/secure.gravatar.com\/avatar\/b74f056f0354b8ee50fcd0e6106aa964423477cb93024726458fce7ffd63d5d8?s=96&d=mm&r=g","height":96,"width":96}},"publisher":{"@type":"Organization","name":"chts.cz","logo":{"@type":"ImageObject","@id":"\/logo.png","url":"\/logo.png","width":600,"height":60}},"image":{"@type":"ImageObject","@id":"https:\/\/www.chts.cz\/wp-content\/uploads\/iphone-1680360_640_6.jpg","url":"https:\/\/www.chts.cz\/wp-content\/uploads\/iphone-1680360_640_6.jpg","height":0,"width":0},"wordCount":624,"keywords":null},{"@type":"Article","@id":"https:\/\/www.chts.cz\/skakaci-hra-pro-kazdeho\/","headline":"Sk\u00e1kac\u00ed hra pro ka\u017ed\u00e9ho","url":"https:\/\/www.chts.cz\/skakaci-hra-pro-kazdeho\/","datePublished":"2025-08-12","dateModified":"2025-08-12","mainEntityOfPage":"https:\/\/www.chts.cz\/skakaci-hra-pro-kazdeho\/","author":{"@type":"Person","@id":"https:\/\/www.chts.cz\/author\/#Person","name":"","url":"https:\/\/www.chts.cz\/author\/","identifier":1,"image":{"@type":"ImageObject","@id":"https:\/\/secure.gravatar.com\/avatar\/b74f056f0354b8ee50fcd0e6106aa964423477cb93024726458fce7ffd63d5d8?s=96&d=mm&r=g","url":"https:\/\/secure.gravatar.com\/avatar\/b74f056f0354b8ee50fcd0e6106aa964423477cb93024726458fce7ffd63d5d8?s=96&d=mm&r=g","height":96,"width":96}},"publisher":{"@type":"Organization","name":"chts.cz","logo":{"@type":"ImageObject","@id":"\/logo.png","url":"\/logo.png","width":600,"height":60}},"image":null,"wordCount":199,"keywords":null},{"@type":"Article","@id":"https:\/\/www.chts.cz\/vas-blizsi-kontakt-s-krasnou-prirodou\/","headline":"V\u00e1\u0161 bli\u017e\u0161\u00ed kontakt s kr\u00e1snou p\u0159\u00edrodou","url":"https:\/\/www.chts.cz\/vas-blizsi-kontakt-s-krasnou-prirodou\/","datePublished":"2025-08-06","dateModified":"2025-08-06","mainEntityOfPage":"https:\/\/www.chts.cz\/vas-blizsi-kontakt-s-krasnou-prirodou\/","author":{"@type":"Person","@id":"https:\/\/www.chts.cz\/author\/#Person","name":"","url":"https:\/\/www.chts.cz\/author\/","identifier":1,"image":{"@type":"ImageObject","@id":"https:\/\/secure.gravatar.com\/avatar\/b74f056f0354b8ee50fcd0e6106aa964423477cb93024726458fce7ffd63d5d8?s=96&d=mm&r=g","url":"https:\/\/secure.gravatar.com\/avatar\/b74f056f0354b8ee50fcd0e6106aa964423477cb93024726458fce7ffd63d5d8?s=96&d=mm&r=g","height":96,"width":96}},"publisher":{"@type":"Organization","name":"chts.cz","logo":{"@type":"ImageObject","@id":"\/logo.png","url":"\/logo.png","width":600,"height":60}},"image":null,"wordCount":195,"keywords":null},{"@type":"Article","@id":"https:\/\/www.chts.cz\/s-novymi-zasuvkami-a-vypinaci-budete-spokojeni\/","headline":"S nov\u00fdmi z\u00e1suvkami a vyp\u00edna\u010di budete spokojeni","url":"https:\/\/www.chts.cz\/s-novymi-zasuvkami-a-vypinaci-budete-spokojeni\/","datePublished":"2025-07-27","dateModified":"2025-07-27","mainEntityOfPage":"https:\/\/www.chts.cz\/s-novymi-zasuvkami-a-vypinaci-budete-spokojeni\/","author":{"@type":"Person","@id":"https:\/\/www.chts.cz\/author\/#Person","name":"","url":"https:\/\/www.chts.cz\/author\/","identifier":1,"image":{"@type":"ImageObject","@id":"https:\/\/secure.gravatar.com\/avatar\/b74f056f0354b8ee50fcd0e6106aa964423477cb93024726458fce7ffd63d5d8?s=96&d=mm&r=g","url":"https:\/\/secure.gravatar.com\/avatar\/b74f056f0354b8ee50fcd0e6106aa964423477cb93024726458fce7ffd63d5d8?s=96&d=mm&r=g","height":96,"width":96}},"publisher":{"@type":"Organization","name":"chts.cz","logo":{"@type":"ImageObject","@id":"\/logo.png","url":"\/logo.png","width":600,"height":60}},"image":null,"wordCount":276,"keywords":null},{"@type":"Article","@id":"https:\/\/www.chts.cz\/konec-skolniho-roku\/","headline":"Konec \u0161koln\u00edho roku","url":"https:\/\/www.chts.cz\/konec-skolniho-roku\/","datePublished":"2025-07-24","dateModified":"2025-07-24","mainEntityOfPage":"https:\/\/www.chts.cz\/konec-skolniho-roku\/","author":{"@type":"Person","@id":"https:\/\/www.chts.cz\/author\/#Person","name":"","url":"https:\/\/www.chts.cz\/author\/","identifier":1,"image":{"@type":"ImageObject","@id":"https:\/\/secure.gravatar.com\/avatar\/b74f056f0354b8ee50fcd0e6106aa964423477cb93024726458fce7ffd63d5d8?s=96&d=mm&r=g","url":"https:\/\/secure.gravatar.com\/avatar\/b74f056f0354b8ee50fcd0e6106aa964423477cb93024726458fce7ffd63d5d8?s=96&d=mm&r=g","height":96,"width":96}},"publisher":{"@type":"Organization","name":"chts.cz","logo":{"@type":"ImageObject","@id":"\/logo.png","url":"\/logo.png","width":600,"height":60}},"image":null,"wordCount":239,"keywords":null}]},{"@context":"https:\/\/schema.org","@type":"WebSite","@id":"https:\/\/www.chts.cz\/#website","name":"Chts","url":"https:\/\/www.chts.cz","potentialAction":{"@type":"SearchAction","target":"https:\/\/www.chts.cz\/?s={search_term_string}","query-input":"required name=search_term_string"}}]