[{"@context":"https:\/\/schema.org\/","@type":"Article","@id":"https:\/\/www.chts.cz\/zahradkaruv-podzim\/#Article","mainEntityOfPage":"https:\/\/www.chts.cz\/zahradkaruv-podzim\/","headline":"Zahr\u00e1dk\u00e1\u0159\u016fv podzim","name":"Zahr\u00e1dk\u00e1\u0159\u016fv podzim","description":"A\u010dkoli tomu pohled z&nbsp;okna i na teplom\u011br neodpov\u00edd\u00e1, s&nbsp;kon\u010d\u00edc\u00edm letn\u00edm obdob\u00edm je nutn\u00e9 v\u011bnovat pozornost i na pomalu se bl\u00ed\u017e\u00edc\u00ed zimn\u00ed obdob\u00ed na na\u0161ich zahrad\u00e1ch. Zahr\u00e1dk\u00e1\u0159i a chalup\u00e1\u0159i by nem\u011bli zah\u00e1let a nechat se op\u00edjet tepl\u00fdmi slune\u010dn\u00fdmi paprsky bab\u00edho l\u00e9ta. Svou podzimn\u00ed pr\u00e1ci za\u010dn\u011bte sklizn\u00ed posledn\u00edch plod\u016f na zahrad\u00e1ch. \u0160koda [&hellip;]","datePublished":"2019-10-15","dateModified":"2023-05-26","author":{"@type":"Person","@id":"https:\/\/www.chts.cz\/author\/#Person","name":"","url":"https:\/\/www.chts.cz\/author\/","identifier":1,"image":{"@type":"ImageObject","@id":"https:\/\/secure.gravatar.com\/avatar\/b74f056f0354b8ee50fcd0e6106aa964423477cb93024726458fce7ffd63d5d8?s=96&d=mm&r=g","url":"https:\/\/secure.gravatar.com\/avatar\/b74f056f0354b8ee50fcd0e6106aa964423477cb93024726458fce7ffd63d5d8?s=96&d=mm&r=g","height":96,"width":96}},"publisher":{"@type":"Organization","name":"chts.cz","logo":{"@type":"ImageObject","@id":"\/logo.png","url":"\/logo.png","width":600,"height":60}},"image":{"@type":"ImageObject","@id":"https:\/\/www.chts.cz\/wp-content\/uploads\/img_a357838_w3891_t1572186218.jpg","url":"https:\/\/www.chts.cz\/wp-content\/uploads\/img_a357838_w3891_t1572186218.jpg","height":0,"width":0},"url":"https:\/\/www.chts.cz\/zahradkaruv-podzim\/","about":["Byt a d\u016fm"],"wordCount":568,"articleBody":"A\u010dkoli tomu pohled z&nbsp;okna i na teplom\u011br neodpov\u00edd\u00e1, s&nbsp;kon\u010d\u00edc\u00edm letn\u00edm obdob\u00edm je nutn\u00e9 v\u011bnovat pozornost i na pomalu se bl\u00ed\u017e\u00edc\u00ed zimn\u00ed obdob\u00ed na na\u0161ich zahrad\u00e1ch. Zahr\u00e1dk\u00e1\u0159i a chalup\u00e1\u0159i by nem\u011bli zah\u00e1let a nechat se op\u00edjet tepl\u00fdmi slune\u010dn\u00fdmi paprsky bab\u00edho l\u00e9ta.Svou podzimn\u00ed pr\u00e1ci za\u010dn\u011bte sklizn\u00ed posledn\u00edch plod\u016f na zahrad\u00e1ch. \u0160koda by byla nev\u011bnovat se plod\u016fm na voln\u011b rostouc\u00edch ke\u0159\u00edch, jako jsou \u0161\u00edpky, trnky, je\u0159abiny, pomalu se pod stromy objevuj\u00ed spadan\u00e9 o\u0159echy.Av\u0161ak ne\u017e je ulo\u017e\u00edme k&nbsp;pozd\u011bj\u0161\u00edmu upot\u0159eben\u00ed, v\u011bnujte se podrobn\u00e9 p\u0159\u00edprav\u011b m\u00edsta ke skladov\u00e1n\u00ed.&nbsp; Nejprve se v\u011bnujte m\u00edstu, ve kter\u00e9m chcete \u00farodu skladovat. V\u011bt\u0161inou se jedn\u00e1 o r\u016fzn\u00e9 sklepy \u010di komory. Tyto prostory je vhodn\u00e9 p\u0159ed ka\u017edoro\u010dn\u00edm ulo\u017een\u00edm \u0159\u00e1dn\u011b vy\u010distit, ide\u00e1ln\u011b vyb\u00edlit a vys\u00ed\u0159it. T\u00edm se zbav\u00edme v\u0161ech p\u0159\u00edpadn\u00fdch choroboplodn\u00fdch z\u00e1rodk\u016f, kter\u00e9 mohli p\u0159e\u017e\u00edt od minul\u00e9 sklizn\u011b. D\u016fle\u017eit\u00e9 je tak\u00e9 m\u00edstnosti v\u011btratV\u0161echny n\u00e1doby, do kter\u00fdch budeme plody ukl\u00e1dat (bed\u00fdnky, krabice) musej\u00ed b\u00fdt rovn\u011b\u017e \u010dist\u00e9, p\u0159ehledn\u00e9 a prostorn\u00e9. Vyhn\u011bte se p\u0159\u00edli\u0161n\u00e9mu vrstven\u00ed plod\u016f. T\u00edm byste se p\u0159ipravili o mo\u017enost kontroly uskladn\u011bn\u00e9ho ovoce. &nbsp;P\u0159ed vlastn\u00edm ulo\u017een\u00ed plod\u016f je d\u016fle\u017eit\u00e1 jejich \u0159\u00e1dn\u00e1 kontrola. Skladujte pouze zdrav\u00e9 plody. Pokud budou jakkoli nahnil\u00e9 \u010di jinak napaden\u00e9, vyho\u010fte jej. T\u00edm p\u0159edejdete naka\u017een\u00ed dal\u0161\u00edch plod\u016f. Ulo\u017een\u00e9 plody ob\u010das kontrolujte.\u00darodu nen\u00ed nutn\u00e9 jen skladovat, ale lze ji vyu\u017e\u00edt i dal\u0161\u00edmi zp\u016fsoby. V\u011bt\u0161ina plodin z&nbsp;na\u0161eho podneb\u00ed lze usu\u0161it nebo z&nbsp;nich p\u0159ipravit kompot \u010di marmel\u00e1dy. Dal\u0161\u00ed zp\u016fsob zpracov\u00e1n\u00ed je mo\u0161tov\u00e1n\u00ed.&nbsp;Ke konci l\u00e9ta je d\u016fle\u017eit\u00e9 myslet i na n\u00e1sleduj\u00edc\u00ed rok. Pokud m\u00e1te na zahrad\u011b letni\u010dky a chcete je i p\u0159\u00ed\u0161t\u00ed rok je d\u016fle\u017eit\u00e9 sb\u00edrat jejich sem\u00ednka. Z\u00e1rove\u0148 je kon\u010d\u00edc\u00ed l\u00e9to ide\u00e1ln\u00edm obdob\u00edm pro s\u00e1zen\u00ed cibulovin, p\u0159edev\u0161\u00edm narcis\u016f. S cibulkami sn\u011b\u017eenek, bledul\u00ed, kosatc\u016f, krokus\u016f \u010di tulip\u00e1n\u016f je vhodn\u00e9 je\u0161t\u011b p\u00e1r t\u00fddn\u016f po\u010dkat na chladn\u011bj\u0161\u00ed obdob\u00ed.&nbsp; Z\u00e1hony si zat\u00edm jen p\u0159ipravte. Z\u00e1hony je ide\u00e1ln\u00ed zr\u00fdt a p\u0159idat kompost. Cibulky s\u00e1zejte do dostate\u010dn\u00e9 hloubky. Men\u0161\u00ed cibulky do 10 cm, v\u011bt\u0161\u00ed cibulky do hloubky 15 cm.Stejn\u011b tak jako s&nbsp;v\u011bt\u0161inou cibulovin, po\u010dkejte na s\u00e1zen\u00ed ovocn\u00fdch strom\u016f takt\u00e9\u017e na chladn\u011bj\u0161\u00ed obdob\u00ed.&nbsp; Nicm\u00e9n\u011b, p\u0159\u00edprava ploch je u\u017eite\u010dn\u00e1. Vykopete v&nbsp;p\u0159edstihu j\u00e1my pro sadbu ovocn\u00fdch strom\u016f, jejich zv\u011btr\u00e1n\u00ed bude pro nov\u011b zas\u00e1zen\u00e9 strom p\u0159\u00ednosem.S&nbsp;jehli\u010dnany \u010dekat nemus\u00edte, av\u0161ak je d\u016fle\u017eit\u00e9 nezapom\u00ednat na z\u00e1livku.&nbsp; Stejnou p\u00e9\u010di v\u011bnujte i r\u016f\u017e\u00edm. Zast\u0159ihn\u011bte odkvetl\u00e9 kv\u011bty a p\u0159erostl\u00e9 v\u00fdhony a p\u0159ihnojte kvalitn\u00edm kompostem.                                                                                                                                                                                                                                                                                                                                                                                        4.4\/5 - (7 votes)        "},{"@context":"https:\/\/schema.org\/","@type":"BreadcrumbList","itemListElement":[{"@type":"ListItem","position":1,"name":"Zahr\u00e1dk\u00e1\u0159\u016fv podzim","item":"https:\/\/www.chts.cz\/zahradkaruv-podzim\/#breadcrumbitem"}]}]